{"id":496,"date":"2013-08-28T02:14:54","date_gmt":"2013-08-28T00:14:54","guid":{"rendered":"http:\/\/egartner.de\/wordpress\/?p=496"},"modified":"2015-08-08T18:11:14","modified_gmt":"2015-08-08T16:11:14","slug":"guell","status":"publish","type":"post","link":"https:\/\/egartner.de\/wolferlschach\/?p=496","title":{"rendered":"G\u00fcell"},"content":{"rendered":"<p><img loading=\"lazy\" title=\"guell.jpg\" src=\"https:\/\/egartner.de\/wolferlschach\/wp-content\/uploads\/2013\/08\/guell.jpg\" alt=\"Guell\" width=\"600\" height=\"337\" border=\"0\" \/><\/p>\n<p>Ich bin ja relativ entspannt, was Besichtigungen betrifft. Im Allgemeinen und in Barcelona im Besonderen, wo ich ja schon ein ums andere Mal rumgegrast hab.<\/p>\n<p>Aber ein B\u00fcschel Gras war trotzdem noch \u00fcbrig, denn der Palau G\u00fcell wurde von 2002 bis 2011 umfassend renoviert.<\/p>\n<p>Und ich muss sagen, bin schwer beeindruckt. Im Grunde ist das Ding um eine Orgel rundrum gebaut, die einen mehrere Stockwerke hohen Innenraum beschallt. Es gab auch zwei Positive, eines ganz unten und ein anderes ganz oben. Hab ich nicht so ganz kapiert wie das geht. Weitere Musiker konnten aber auf jeden Fall auf mehreren Ebenen ans Werk gehen.<\/p>\n<p>Ansonsten ist es innendrin nicht so, dass man gleich an Gaud\u00ed denken w\u00fcrde. Ist ja auch ein Fr\u00fchwerk. Aber auf dem Dach die T\u00fcrmchen, so kennt man ihn.<\/p>\n<p>Schachlich hab ich heut was ganz seltsames gebaut. Springer und L\u00e4ufer hab ich in selbstm\u00f6rderischer Weise an den Rand platziert, und der heroische Verlustzug war schon fest eingeplant. Auch wenn ich den dann nicht gemacht hab, h\u00e4tte das nie im Leben gut ausgehen d\u00fcrfen, aber mein Gegner hat die Partie dann f\u00fcr mich innerhalb von drei Z\u00fcgen komplett umgedreht.<\/p>\n<p>Irgendwie ist mir immer noch schwindlig von der Rumdreherei. Hab ich immer schon so gespielt?<\/p>\n<p>Verschont mich bitte mit der Wahrheit.<\/p>\n","protected":false},"excerpt":{"rendered":"<p>Ich bin ja relativ entspannt, was Besichtigungen betrifft. Im Allgemeinen und in Barcelona im Besonderen, wo ich ja schon ein ums andere Mal rumgegrast hab. Aber ein B\u00fcschel Gras war trotzdem noch \u00fcbrig, denn der Palau G\u00fcell wurde von 2002 bis 2011 umfassend renoviert. Und ich muss sagen, bin schwer beeindruckt. Im Grunde ist das [&hellip;]<\/p>\n","protected":false},"author":1,"featured_media":0,"comment_status":"closed","ping_status":"closed","sticky":false,"template":"","format":"standard","meta":[],"categories":[6,14],"tags":[],"_links":{"self":[{"href":"https:\/\/egartner.de\/wolferlschach\/index.php?rest_route=\/wp\/v2\/posts\/496"}],"collection":[{"href":"https:\/\/egartner.de\/wolferlschach\/index.php?rest_route=\/wp\/v2\/posts"}],"about":[{"href":"https:\/\/egartner.de\/wolferlschach\/index.php?rest_route=\/wp\/v2\/types\/post"}],"author":[{"embeddable":true,"href":"https:\/\/egartner.de\/wolferlschach\/index.php?rest_route=\/wp\/v2\/users\/1"}],"replies":[{"embeddable":true,"href":"https:\/\/egartner.de\/wolferlschach\/index.php?rest_route=%2Fwp%2Fv2%2Fcomments&post=496"}],"version-history":[{"count":2,"href":"https:\/\/egartner.de\/wolferlschach\/index.php?rest_route=\/wp\/v2\/posts\/496\/revisions"}],"predecessor-version":[{"id":662,"href":"https:\/\/egartner.de\/wolferlschach\/index.php?rest_route=\/wp\/v2\/posts\/496\/revisions\/662"}],"wp:attachment":[{"href":"https:\/\/egartner.de\/wolferlschach\/index.php?rest_route=%2Fwp%2Fv2%2Fmedia&parent=496"}],"wp:term":[{"taxonomy":"category","embeddable":true,"href":"https:\/\/egartner.de\/wolferlschach\/index.php?rest_route=%2Fwp%2Fv2%2Fcategories&post=496"},{"taxonomy":"post_tag","embeddable":true,"href":"https:\/\/egartner.de\/wolferlschach\/index.php?rest_route=%2Fwp%2Fv2%2Ftags&post=496"}],"curies":[{"name":"wp","href":"https:\/\/api.w.org\/{rel}","templated":true}]}}